{"id":5105,"date":"2019-11-08T10:30:52","date_gmt":"2019-11-08T10:30:52","guid":{"rendered":"https:\/\/workout-events.com\/hugo-villarjubin-vom-be-und-entlader-zum-kaufmaennischen-leiter\/"},"modified":"2025-09-29T10:19:02","modified_gmt":"2025-09-29T10:19:02","slug":"hugo-villarjubin-vom-be-und-entlader-zum-kaufmaennischen-leiter","status":"publish","type":"post","link":"https:\/\/workout-events.com\/de\/hugo-villarjubin-vom-be-und-entlader-zum-kaufmaennischen-leiter\/","title":{"rendered":"Hugo Villarjub\u00edn: vom Be- und Entlader zum kaufm\u00e4nnischen Leiter"},"content":{"rendered":"\n<blockquote class=\"wp-block-quote is-layout-flow wp-block-quote-is-layout-flow\">\n<p>&#8222;Ich habe meine Karriere in der Veranstaltungsbranche als Teil des Be- und Entladeteams begonnen, aber mit viel harter Arbeit und Entschlossenheit habe ich es geschafft, kaufm\u00e4nnischer Leiter in diesem Sektor zu werden&#8220;.<\/p>\n<\/blockquote>\n\n<h2 class=\"wp-block-heading\">Erste Eindr\u00fccke?<\/h2>\n\n<p>Auf den ersten Blick vermittelt Hugo Erfahrung, Gelassenheit, Ernsthaftigkeit (mit einem Hauch von Schalk), Eleganz, Diplomatie und Zuverl\u00e4ssigkeit, Eigenschaften, die nicht verblassen, sondern im Laufe des Gespr\u00e4chs noch verst\u00e4rkt werden.<\/p>\n\n<p>Sein Weg in der Veranstaltungsbranche war nicht einfach. Sein Berufsleben begann im Alter von 17 Jahren bei Tele 5, wo er an den Wochenenden als <strong>Be- und Entlader<\/strong>, als <strong> <a href=\"https:\/\/workout-events.com\/montaje\/\">Einrichtungsassistent<\/a><\/strong> und als <strong>Kameraassistent<\/strong> arbeitete.<\/p>\n\n<p>Er begann bereits in jungen Jahren zu arbeiten  Sp\u00e4ter stellte <strong>er<\/strong> fest, dass er eine falsche Vorstellung hatte, denn er war bei Tele 5 und lernte mehr \u00fcber die Umwelt, den Beruf des  <strong>Fotojournalist<\/strong> und  <strong>steadycam<\/strong>, beschloss er, dass er studieren wollte, aber in einem Bereich, f\u00fcr den er sich begeisterte, &#8222;<strong>Der audiovisuelle Bereich<\/strong>&#8222;.<\/p>\n\n<h2 class=\"wp-block-heading\">Vom Be- und Entladen bei Veranstaltungen bis zum audiovisuellen Produzenten f\u00fcr Produktionsfirmen.<\/h2>\n\n<p>Entschlossen, sich selbst zu \u00fcbertreffen, schrieb er sich am RTVE-Institut f\u00fcr Regie und Produktion ein, um alles zu lernen, was mit <strong>audiovisueller<\/strong> Produktion zu tun hat.<\/p>\n\n<p>Er begann seine Karriere als <strong>Filmemacher<\/strong> beim Nostalgie-Kanal von Televisi\u00f3n Espa\u00f1ola und beschloss zwei Jahre sp\u00e4ter, sich selbst\u00e4ndig zu machen und sp\u00e4ter eine Produktionsfirma zu gr\u00fcnden.<\/p>\n\n<p>Die Produktionsfirma funktionierte nicht so, wie er es sich erhofft hatte, es gab viele Angebote von Filmemachern und nicht genug Arbeit, also beschloss er, seine Karriere umzukrempeln und begann im Bankensektor (bei der City Bank) zu arbeiten.<\/p>\n\n<blockquote class=\"wp-block-quote is-layout-flow wp-block-quote-is-layout-flow\">\n<p>&#8222;Es war harte Arbeit, ich musste die Karten auf der Stra\u00dfe anbieten. Die kalte T\u00fcr ist sehr hart, aber man lernt, nicht aufzugeben, und es ist eine sehr gute Schule f\u00fcr einen Verk\u00e4ufer.<\/p>\n<\/blockquote>\n\n<p>Nach 6 Monaten harter Arbeit wurde Hugo zum<strong>&#8222;Teamleiter<\/strong>&#8220; bef\u00f6rdert und leitete landesweit mehr als 15 Handelsvertreter.<\/p>\n\n<blockquote class=\"wp-block-quote is-layout-flow wp-block-quote-is-layout-flow\">\n<p>&#8222;Ich befand mich in einer Wachstumsphase, ich mochte meine Arbeit, aber ich suchte immer noch nach Alternativen, die mir helfen w\u00fcrden, mein Wissen zu erweitern und die mit dem <strong>Veranstaltungssektor<\/strong> zu tun haben. Ich versuchte mein Gl\u00fcck in einer Firma, die Finanzkonten verwaltete, in einer anderen, die Telemarketing betrieb, bis ich bei einer Firma anfing, die Toiletten f\u00fcr <strong>Veranstaltungen<\/strong>vermietete.<\/p>\n<\/blockquote>\n\n<p>Hugo hatte seinen ersten Kontakt mit <strong>WORKOUT<\/strong> <strong>EVENTS<\/strong> bei dem <strong>Event-Sanit\u00e4rverleih<\/strong>&#8230;<\/p>\n\n<h2 class=\"wp-block-heading\">Alles hat eine positive Seite&#8230;<\/h2>\n\n<p>Erneut gr\u00fcndete Hugo ein technisches Produktionsunternehmen, aber leider brach die Krise nach drei Jahren Betriebszeit \u00fcber das Unternehmen herein.<\/p>\n\n<blockquote class=\"wp-block-quote is-layout-flow wp-block-quote-is-layout-flow\">\n<p>&#8222;Meine Gewinnspannen wurden reduziert, es war kein Gesch\u00e4ft mehr, also mussten wir schlie\u00dfen. Ich erinnere mich noch gut an meinen letzten Job, bei dem wir ein Zelt f\u00fcr eine Veranstaltung in \u00c4quatorialguinea aufgebaut haben&#8220;.<\/p>\n<\/blockquote>\n\n<p>10 Monate war Hugo arbeitslos, bis er in der Energieabteilung f\u00fcr Veranstaltungen bei HUNE zu arbeiten begann.<\/p>\n\n<blockquote class=\"wp-block-quote is-layout-flow wp-block-quote-is-layout-flow\">\n<p>&#8222;Die Krise hat mein Unternehmen in Mitleidenschaft gezogen, aber nicht meine Kraft. Ich glaube, dass alles eine positive Seite hat, und dieses Mal hatte ich das Gl\u00fcck, mich w\u00e4hrend dieser 10 Monate um meinen neugeborenen Sohn k\u00fcmmern zu k\u00f6nnen, was meine Motivation wieder aufleben lie\u00df&#8220;.<\/p>\n<\/blockquote>\n\n<p>Zwei Jahre lang arbeitete er bei Hune, unter anderem an Produktionen wie Game of Thrones, The Promise und Assassin&#8217;s Creed. Im Jahr 2016 gab es eine personelle Umstrukturierung im Unternehmen, so dass er erneut arbeitslos wurde.<\/p>\n\n<h2 class=\"wp-block-heading\">\u00a0<\/h2>\n\n<h2 class=\"wp-block-heading\">Die Punkte sind r\u00fcckw\u00e4rts verbunden<\/h2>\n\n<blockquote class=\"wp-block-quote is-layout-flow wp-block-quote-is-layout-flow\">\n<p>&#8222;Diesmal bin ich nicht nach Hause gegangen, um Lebensl\u00e4ufe zu verschicken, sondern ich habe meinen Terminkalender, mein Telefon, eine Schachtel Zigaretten und ein Feuerzeug mitgenommen und bin in ein Caf\u00e9 gegangen, um meine Kontakte anzurufen.<\/p>\n<\/blockquote>\n\n<p>Bald wurden ihm Angebote gemacht, aber es handelte sich nur um Projektarbeit, was ihn dazu veranlasste, wieder ein Unternehmen zu gr\u00fcnden.<\/p>\n\n<blockquote class=\"wp-block-quote is-layout-flow wp-block-quote-is-layout-flow\">\n<p>&#8222;Ich habe das Unternehmen nicht gegr\u00fcndet, weil ich die Gr\u00fcnder von <strong>WORKOUT EVENTS<\/strong> bei einer <a href=\"https:\/\/www.eventoplus.com\/\" rel=\"nofollow noopener\" target=\"_blank\">&#8222;Event plus&#8220;-Veranstaltung<\/a> kennengelernt habe und sie mir einen Job als Verk\u00e4uferin angeboten haben. Ich kannte das Unternehmen bereits und mochte die Art und Weise, wie es arbeitet, so dass ich mich sehr gefreut habe, es zu \u00fcbernehmen.<\/p>\n<\/blockquote>\n\n<h2 class=\"wp-block-heading\">\u00a0<\/h2>\n\n<h2 class=\"wp-block-heading\">Ihre Geschichte bei Workout-Events?<\/h2>\n\n<p>Er begann 2016 als Vertriebsmitarbeiter bei <strong>WORKOUT<\/strong> und erf\u00fcllte zwei Jahre lang seine Aufgaben mit Bravour. Mir war klar, dass ich gute Leistungen erbringen musste, um beruflich und pers\u00f6nlich weiter zu wachsen.<\/p>\n\n<blockquote class=\"wp-block-quote is-layout-flow wp-block-quote-is-layout-flow\">\n<p>&#8222;Zu dieser Zeit gab es keine Wachstumsm\u00f6glichkeiten f\u00fcr <strong>WORKOUT<\/strong>, da die kommerzielle Richtung abgedeckt war und es keinen Platz f\u00fcr Wachstum gab&#8220;.<\/p>\n<\/blockquote>\n\n<p>Hugo beschloss, Workout Events zu verlassen, in der Hoffnung, sich in einer Agentur weiterzuentwickeln.<\/p>\n\n<blockquote class=\"wp-block-quote is-layout-flow wp-block-quote-is-layout-flow\">\n<p>&#8222;Ich war nur einen Monat lang bei der Agentur. Die kaufm\u00e4nnische Leiterin von Workout verlie\u00df das Unternehmen, und mir wurde ihre Stelle angeboten. Das konnte ich nicht ablehnen, ich habe mich in <strong>WORKOUT<\/strong>&#8220; immer sehr wohl gef\u00fchlt.<\/p>\n<\/blockquote>\n\n<h2 class=\"wp-block-heading\">\u00a0<\/h2>\n\n<h2 class=\"wp-block-heading\">Die Moral&#8230;<\/h2>\n\n<blockquote class=\"wp-block-quote is-layout-flow wp-block-quote-is-layout-flow\">\n<p>&#8222;Die T\u00e4tigkeiten als <strong>Be- und Entlader,<\/strong> als Filmemacher, als Kaltverk\u00e4ufer und als Verk\u00e4ufer haben mir eine gute Basis f\u00fcr eine erfolgreiche Karriere als Verkaufsleiter in der Veranstaltungsbranche gegeben. Ich habe alle m\u00f6glichen Momente in meinem Leben durchlebt, traurige, frustrierende und gl\u00fcckliche, aber alle haben mich zu dem Moment gebracht, den ich jetzt erlebe, einem s\u00fc\u00dfen und befriedigenden Moment!<\/p>\n<\/blockquote>\n\n<h2 class=\"wp-block-heading\">\u00a0<\/h2>\n\n<h2 class=\"wp-block-heading\"><strong>Wir wollen mehr \u00fcber Hugo V. erfahren!<\/strong><\/h2>\n\n<p><strong>Sie haben Ihre Karriere in der Welt der Veranstaltungen auf einer best\u00e4ndigen Grundlage aufgebaut, indem Sie in allen Positionen gearbeitet haben: Be- und Entladen, Produktion, Verkauf, usw. Sie sind nun seit einem Jahr kaufm\u00e4nnischer Leiter von WORKOU EVENTS. Was sind Ihrer Meinung nach die St\u00e4rken, die Sie dorthin gebracht haben, wo Sie jetzt sind?  <\/strong><\/p>\n\n<ul class=\"wp-block-list\">\n<li>Ich habe dies durch harte Arbeit erreicht<\/li>\n\n\n\n<li>Immer da sein, immer verf\u00fcgbar!<\/li>\n\n\n\n<li>Kenntnis des Sektors, in dem Sie arbeiten<\/li>\n\n\n\n<li>Ich bin ein Gesch\u00e4ftsmann, ich habe Erfahrungen als Unternehmer, Angestellter und Kunde, was mir eine globale Sichtweise und Kenntnisse \u00fcber die Bed\u00fcrfnisse jedes Vertreters des Sektors gegeben hat.<\/li>\n\n\n\n<li>Fangen Sie ganz unten an, kennen Sie jedes Glied der Kette genau und sind Sie sich der Bedeutung aller f\u00fcr die Durchf\u00fchrung einer <strong>Veranstaltung<\/strong> erforderlichen Aspekte bewusst.<\/li>\n\n\n\n<li>Eine cham\u00e4leonartige Person zu sein, die in der Lage ist, mit Menschen aus allen Bereichen des Lebens in Kontakt zu treten.<\/li>\n\n\n\n<li>Um ehrlich zu sein, habe ich noch nie etwas durch Betrug verkauft. Ich glaube, dass Ehre das Wichtigste ist, was ein Mensch haben kann!<\/li>\n<\/ul>\n\n<p><\/p>\n\n<p><strong>Als kaufm\u00e4nnischer Leiter von WORKOUT, <em>Was ist Ihr n\u00e4chstes Ziel und wie wollen Sie es erreichen?<\/em><\/strong><\/p>\n\n<ul class=\"wp-block-list\">\n<li>Um das Unternehmen weiter zu positionieren, m\u00f6chte ich dazu beitragen, dass <strong>WORKOUT EVENTS<\/strong> weiterhin eine Referenz in der Branche ist.<\/li>\n\n\n\n<li>Wir verbessern unseren Service jeden Tag, um unsere Kunden zu binden.<\/li>\n\n\n\n<li>Wir arbeiten weiter an unseren Protokollen und Prozessen, um der Spitzenleistung n\u00e4her zu kommen.<\/li>\n\n\n\n<li>Ich m\u00f6chte bis zum Ende bei Workout bleiben, d.h. mich aus diesem gro\u00dfartigen Unternehmen zur\u00fcckziehen!<\/li>\n<\/ul>\n\n<p><strong>Auf beruflicher Ebene, <em>Welche Eigenschaften sch\u00e4tzen Sie an Ihren Mitmenschen am meisten?<\/em><\/strong><\/p>\n\n<ul class=\"wp-block-list\">\n<li>Beteiligen Sie sich am Projekt! Ich denke, wir k\u00f6nnen es alle besser oder schlechter machen, aber das Wichtigste ist, dass wir bereit sind, uns zu entwickeln und zu wissen, dass alles verbessert werden kann.<\/li>\n\n\n\n<li>Lernhaltung. Was man nicht wei\u00df, kann man immer noch lernen!<\/li>\n\n\n\n<li>Ehrlichkeit<\/li>\n\n\n\n<li>Analytische F\u00e4higkeiten<\/li>\n\n\n\n<li>Sie m\u00fcssen proaktive Menschen sein, die das Team mit Vorschl\u00e4gen bereichern.<\/li>\n\n\n\n<li>dass sie die Arbeit jedes einzelnen Teammitglieds sch\u00e4tzen.<\/li>\n<\/ul>\n\n<p><\/p>\n\n<p>Ich glaube, dass alle diese Aspekte auf jeder Ebene anwendbar sind, sei es f\u00fcr das <strong>Be- und Entladepersonal<\/strong>, das kaufm\u00e4nnische Personal, die F\u00fchrungskr\u00e4fte usw.<\/p>\n\n<p><strong>Einmal am Tag etwas zu tun, was man liebt, gibt einem die Energie, die man braucht, um die Dinge zu tun, die man nicht so gerne tut <em>. Was gibt Ihnen diese Energie in Ihrem Leben?<\/em><\/strong><\/p>\n\n<p>Wenn Sie am Ende des Tages das Gef\u00fchl haben, dass Sie etwas gut gemacht haben, erf\u00fcllt Sie das mit Zufriedenheit, die sich in Energie umwandelt! Deshalb ist es wichtig, dass Sie jeden Tag auf Ihre Ziele hinarbeiten.<\/p>\n\n<p>Es gibt zwei Dinge, an denen ich jeden Tag arbeite und nach denen ich strebe, die mir die Motivation geben, weiterzumachen.<\/p>\n\n<p>Auf der pers\u00f6nlichen Seite w\u00fcrde ich sagen, dass meine Frau und mein Sohn die treibende Kraft in meinem Leben sind.<\/p>\n\n<p>Andererseits habe ich das Gef\u00fchl, dass <strong>WORKOUT<\/strong> mir auch diese Energie gibt. Zum ersten Mal seit vielen Jahren gehe ich wieder gerne zur Arbeit. Im B\u00fcro herrscht eine sehr gute Atmosph\u00e4re, ich habe das Gef\u00fchl, dass ich mich in meiner Arbeit weiterentwickelt habe, und ich halte mich f\u00fcr einen produktiven Menschen.<\/p>\n\n<p>Ich befinde mich in einem guten Moment in meinem Leben, sowohl beruflich als auch pers\u00f6nlich!<\/p>\n\n<p><strong>Wir m\u00f6chten mehr \u00fcber Hugo V. erfahren. In einem <em>Wort Wie w\u00fcrden Sie Ihre Vergangenheit, Gegenwart und Zukunft definieren?<\/em><\/strong><\/p>\n\n<ul class=\"wp-block-list\">\n<li>Vergangenheit &#8211;<em> Uff&#8230; lernen<\/em><\/li>\n\n\n\n<li>Geschenk &#8211; <em>hehe HAPPY!<\/em><\/li>\n\n\n\n<li>Zukunft &#8211; <em>Hoffnungsvoll<\/em><\/li>\n<\/ul>\n\n<p><\/p>\n\n<p><strong>Ich frage: &#8222;<em> Was bedeutet &#8230; f\u00fcr Sie?&#8220;, und <\/em>Sie antworten mir mit dem ersten Satz oder Wort, das Ihnen in den Sinn kommt.<\/strong><\/p>\n\n<ul class=\"wp-block-list\">\n<li>Engagement: <em>Es ist von grundlegender Bedeutung f\u00fcr alle Aspekte des Lebens<\/em>.<\/li>\n\n\n\n<li>Teamarbeit: <em>Ich kenne keine andere Arbeitsweise&#8230; Man sagt: &#8222;Ein guter Leiter umgibt sich mit sehr f\u00e4higen Leuten und l\u00e4sst sie handeln&#8220;<\/em>.<\/li>\n\n\n\n<li>Wohnen: <em>Wunderbar<\/em><\/li>\n\n\n\n<li>Partnerschaft: <em>Genau wie Teamarbeit &#8211; unerl\u00e4sslich!<\/em><\/li>\n\n\n\n<li>Erfolg:  <em>Relativ, jeder hat seine eigenen Ziele. Im Moment f\u00fchle ich mich wie ein erfolgreicher Mensch, ich genie\u00dfe alles um mich herum.<\/em><\/li>\n\n\n\n<li>P\u00fcnktlichkeit: <em>ah&#8230; ein verbesserungsw\u00fcrdiger Punkt?<\/em><\/li>\n<\/ul>\n\n<p><strong><em>Was w\u00fcrden Sie sagen, ist Ihr &#8230; Favorit?<\/em><\/strong><\/p>\n\n<ul class=\"wp-block-list\">\n<li>Film:  <em>Ein Film, den ich in besonderen Momenten anschaue, ist &#8222;The Quiet Man&#8220;, aber ich mag auch Musicals und Filme, die einfache Geschichten erz\u00e4hlen. Ein weiterer Film, der sch\u00f6ne Erinnerungen weckt, ist &#8222;Teehaus im Augustmond&#8220;. Das Kino ist meine Leidenschaft, mein Moment der Ablenkung, obwohl ich sagen muss, dass ich kein soziales Kino oder Drama mag, es gibt genug Drama im Alltag! Haha&#8230;<\/em><\/li>\n\n\n\n<li>Buch: <em>Ich mag Arturo P\u00e9rez Reverte mehr als ein bestimmtes Buch, da seine B\u00fccher sehr gut darstellen, was Spanien in der Geschichte<\/em> gewesen ist.<\/li>\n\n\n\n<li>Wort:<em>  mmm&#8230;. Mmm &#8230; LINDIN! Haha<\/em><\/li>\n\n\n\n<li>Hobbys: <em>Mein Sohn und Kino<\/em><\/li>\n\n\n\n<li>Musik: <em>Jazz, Klassik und Oper<\/em>.<\/li>\n\n\n\n<li>K\u00fcnstler oder Gruppe: <em>Aus dem Jazz mag ich Billie Holiday und Ella Fritzgerald, aus der Klassik Bach, aus der Oper den &#8222;Barbier von Sevilla&#8220;, von Rossini und Turandot mit &#8222;Nessun Dorma&#8220;<\/em>.<\/li>\n\n\n\n<li>Essen: <em>Ich liebe Tomaten, aber ich bin allergisch&#8230; haha, aber es gibt noch zwei andere Dinge, die ich sehr mag<\/em><\/li>\n<\/ul>\n\n<ol class=\"wp-block-list\">\n<li><em>Kartoffelp\u00fcreekl\u00f6\u00dfe.<\/em><\/li>\n\n\n\n<li><em>Jeder Reis, den meine Frau zubereitet. Sie sind k\u00f6stlich!<\/em><\/li>\n<\/ol>\n\n<p><\/p>\n\n<p><strong>Und zum Schluss: Welches ist der Slogan oder Satz, der Sie am meisten identifiziert?  <\/strong><\/p>\n\n<p>Es ist Yoda aus Star Wars:<\/p>\n\n<p>&#8222;Versuchen Sie es nicht, tun Sie es oder versuchen Sie es nicht, aber versuchen Sie es nicht&#8220;.<\/p>\n\n<p>Ich bin der festen \u00dcberzeugung, dass man sich bei allem, was man tut, zu 100 % einbringen muss, damit die Dinge gut und zu seiner eigenen Zufriedenheit funktionieren.<\/p>\n\n<p><strong>Hugo, vielen Dank, dass du uns mehr \u00fcber dich erz\u00e4hlt hast!<\/strong><\/p>\n","protected":false},"excerpt":{"rendered":"<p>&#8222;Ich habe meine Karriere in der Veranstaltungsbranche als Teil des Be- und Entladeteams begonnen, aber mit viel harter Arbeit und Entschlossenheit habe ich es geschafft, kaufm\u00e4nnischer Leiter in diesem Sektor zu werden&#8220;. Erste Eindr\u00fccke? Auf den ersten Blick vermittelt Hugo Erfahrung, Gelassenheit, Ernsthaftigkeit (mit einem Hauch von Schalk), Eleganz, Diplomatie und Zuverl\u00e4ssigkeit, Eigenschaften, die nicht [&hellip;]<\/p>\n","protected":false},"author":20,"featured_media":5340,"comment_status":"closed","ping_status":"closed","sticky":false,"template":"","format":"standard","meta":{"_acf_changed":false,"inline_featured_image":false,"site-sidebar-layout":"default","site-content-layout":"","ast-site-content-layout":"default","site-content-style":"default","site-sidebar-style":"default","ast-global-header-display":"","ast-banner-title-visibility":"","ast-main-header-display":"","ast-hfb-above-header-display":"","ast-hfb-below-header-display":"","ast-hfb-mobile-header-display":"","site-post-title":"","ast-breadcrumbs-content":"","ast-featured-img":"","footer-sml-layout":"","ast-disable-related-posts":"","theme-transparent-header-meta":"","adv-header-id-meta":"","stick-header-meta":"","header-above-stick-meta":"","header-main-stick-meta":"","header-below-stick-meta":"","astra-migrate-meta-layouts":"default","ast-page-background-enabled":"default","ast-page-background-meta":{"desktop":{"background-color":"var(--ast-global-color-4)","background-image":"","background-repeat":"repeat","background-position":"center center","background-size":"auto","background-attachment":"scroll","background-type":"","background-media":"","overlay-type":"","overlay-color":"","overlay-opacity":"","overlay-gradient":""},"tablet":{"background-color":"","background-image":"","background-repeat":"repeat","background-position":"center center","background-size":"auto","background-attachment":"scroll","background-type":"","background-media":"","overlay-type":"","overlay-color":"","overlay-opacity":"","overlay-gradient":""},"mobile":{"background-color":"","background-image":"","background-repeat":"repeat","background-position":"center center","background-size":"auto","background-attachment":"scroll","background-type":"","background-media":"","overlay-type":"","overlay-color":"","overlay-opacity":"","overlay-gradient":""}},"ast-content-background-meta":{"desktop":{"background-color":"var(--ast-global-color-5)","background-image":"","background-repeat":"repeat","background-position":"center center","background-size":"auto","background-attachment":"scroll","background-type":"","background-media":"","overlay-type":"","overlay-color":"","overlay-opacity":"","overlay-gradient":""},"tablet":{"background-color":"var(--ast-global-color-5)","background-image":"","background-repeat":"repeat","background-position":"center center","background-size":"auto","background-attachment":"scroll","background-type":"","background-media":"","overlay-type":"","overlay-color":"","overlay-opacity":"","overlay-gradient":""},"mobile":{"background-color":"var(--ast-global-color-5)","background-image":"","background-repeat":"repeat","background-position":"center center","background-size":"auto","background-attachment":"scroll","background-type":"","background-media":"","overlay-type":"","overlay-color":"","overlay-opacity":"","overlay-gradient":""}},"footnotes":""},"categories":[170],"tags":[],"class_list":["post-5105","post","type-post","status-publish","format-standard","has-post-thumbnail","hentry","category-triff-unser-personal"],"acf":[],"_links":{"self":[{"href":"https:\/\/workout-events.com\/de\/wp-json\/wp\/v2\/posts\/5105","targetHints":{"allow":["GET"]}}],"collection":[{"href":"https:\/\/workout-events.com\/de\/wp-json\/wp\/v2\/posts"}],"about":[{"href":"https:\/\/workout-events.com\/de\/wp-json\/wp\/v2\/types\/post"}],"author":[{"embeddable":true,"href":"https:\/\/workout-events.com\/de\/wp-json\/wp\/v2\/users\/20"}],"replies":[{"embeddable":true,"href":"https:\/\/workout-events.com\/de\/wp-json\/wp\/v2\/comments?post=5105"}],"version-history":[{"count":0,"href":"https:\/\/workout-events.com\/de\/wp-json\/wp\/v2\/posts\/5105\/revisions"}],"wp:featuredmedia":[{"embeddable":true,"href":"https:\/\/workout-events.com\/de\/wp-json\/wp\/v2\/media\/5340"}],"wp:attachment":[{"href":"https:\/\/workout-events.com\/de\/wp-json\/wp\/v2\/media?parent=5105"}],"wp:term":[{"taxonomy":"category","embeddable":true,"href":"https:\/\/workout-events.com\/de\/wp-json\/wp\/v2\/categories?post=5105"},{"taxonomy":"post_tag","embeddable":true,"href":"https:\/\/workout-events.com\/de\/wp-json\/wp\/v2\/tags?post=5105"}],"curies":[{"name":"wp","href":"https:\/\/api.w.org\/{rel}","templated":true}]}}