{"id":8326,"date":"2023-07-26T10:13:00","date_gmt":"2023-07-26T10:13:00","guid":{"rendered":"https:\/\/workout-events.com\/backoffice-schluesselpositionen-im-veranstaltungsbereich-qualitaetsabteilung\/"},"modified":"2025-09-29T10:18:45","modified_gmt":"2025-09-29T10:18:45","slug":"backoffice-schluesselpositionen-im-veranstaltungsbereich-qualitaetsabteilung","status":"publish","type":"post","link":"https:\/\/workout-events.com\/de\/backoffice-schluesselpositionen-im-veranstaltungsbereich-qualitaetsabteilung\/","title":{"rendered":"#BackOffice Schl\u00fcsselpositionen im Veranstaltungsbereich: Qualit\u00e4tsabteilung"},"content":{"rendered":"\n<p>Der in Madrid geborene und aufgewachsene Carlos Fern\u00e1ndez Bra\u00f1a, Leiter der Qualit\u00e4tsabteilung von Workout Events, hat sein ganzes Berufsleben der aufregenden Welt der Veranstaltungen gewidmet; Die Entwicklung des Unternehmens ist eine wahre Geschichte der Beharrlichkeit und des Wachstums in diesem Sektor;<\/p>\n\n<p>Bevor er zum Team von <strong><a href=\"https:\/\/workout-events.com\/de\/\" data-type=\"URL\" data-id=\"https:\/\/workout-events.com\/de\/\">Workout Events<\/a><\/strong> stie\u00df, absolvierte Carlos eine Ausbildung als Fernsehproduzent und Regisseur und sammelte wertvolle Erfahrungen in verschiedenen Unternehmen der Fernsehbranche; Er begann seine Karriere als Set-Assistent bei Fernseh- und Filmproduktionen und lernte das Handwerk von der Pike auf in renommierten Unternehmen wie TVE, TVAM, Sogecable und Telecinco, wobei er es auch mit der Inszenierung von Konzerten, Veranstaltungen&#8230; kombinierte;<\/p>\n\n<p>Im Laufe der Zeit f\u00fchrten sein Talent und sein Engagement dazu, dass er B\u00fcroaufgaben \u00fcbernahm und direkt am Aufbau von Personaldienstleistungen f\u00fcr Veranstaltungen mitarbeitete, eine Aufgabe, die ihn sp\u00e4ter zu Workout. Und das war vor mehr als 14 Jahren!<\/p>\n\n<p>Carlos hat im Laufe seiner Karriere seine Vielseitigkeit und seine vielseitigen F\u00e4higkeiten unter Beweis gestellt. Er durchlief verschiedene betriebliche Funktionen wie die des Personalkoordinators und des stellvertretenden Leiters der Montageabteilung, bevor er schlie\u00dflich stellvertretender Leiter der Qualit\u00e4tsabteilung bei Workout Events wurde.<\/p>\n\n<p>In diesem spannenden Interview erfahren wir mehr \u00fcber seinen Arbeitsalltag im Unternehmen!<\/p>\n\n<h2 class=\"wp-block-heading has-medium-font-size\"><strong>Woraus besteht die Qualit\u00e4tsabteilung von Workout?<\/strong><\/h2>\n\n<p>Wie der Name schon sagt, ist die Abteilung daf\u00fcr zust\u00e4ndig, die Einhaltung der Qualit\u00e4tsstandards bei allen Projekten, an denen wir beteiligt sind, zu \u00fcberwachen und unvorhergesehene Probleme sowohl mit den Mitarbeitern als auch mit den Kunden zu l\u00f6sen. Wir protokollieren und analysieren jede durchgef\u00fchrte Dienstleistung und setzen uns mit den Kunden in Verbindung, um eventuelle Pannen bestm\u00f6glich zu beheben. <\/p>\n\n<h2 class=\"wp-block-heading has-medium-font-size\">Welche Aufgaben werden in der Praxis t\u00e4glich von der Qualit\u00e4tsabteilung wahrgenommen?<\/h2>\n\n<p>Besuchen Sie sowohl Kunden als auch Arbeiter w\u00e4hrend der Dienstleistungen, um zu \u00fcberpr\u00fcfen, ob sie mit dem Workout-Management zufrieden sind und ob unser Qualit\u00e4tskatalog erf\u00fcllt wird: ob sie p\u00fcnktlich waren, ob sie korrekt arbeiten, ob die Einheitlichkeit stimmt&#8230;<\/p>\n\n<figure class=\"wp-block-image aligncenter size-large is-resized\"><img fetchpriority=\"high\" decoding=\"async\" width=\"1024\" height=\"736\" src=\"https:\/\/workout-events.com\/wp-content\/uploads\/2023\/07\/decalogo-calidad-workout-events-1024x736.png\" alt=\"\" class=\"wp-image-7396\" style=\"width:768px;height:552px\" srcset=\"https:\/\/workout-events.com\/wp-content\/uploads\/2023\/07\/decalogo-calidad-workout-events-1024x736.png 1024w, https:\/\/workout-events.com\/wp-content\/uploads\/2023\/07\/decalogo-calidad-workout-events-300x216.png 300w, https:\/\/workout-events.com\/wp-content\/uploads\/2023\/07\/decalogo-calidad-workout-events-768x552.png 768w, https:\/\/workout-events.com\/wp-content\/uploads\/2023\/07\/decalogo-calidad-workout-events-1536x1104.png 1536w, https:\/\/workout-events.com\/wp-content\/uploads\/2023\/07\/decalogo-calidad-workout-events.png 1890w\" sizes=\"(max-width: 1024px) 100vw, 1024px\" \/><\/figure>\n\n<div style=\"height:35px\" aria-hidden=\"true\" class=\"wp-block-spacer\"><\/div>\n\n<p>In der Qualit\u00e4tsabteilung stellen wir sicher, dass die von uns angebotenen Dienstleistungen unseren Anspr\u00fcchen gerecht werden; Deshalb sorgen wir daf\u00fcr, dass alle internen Protokolle sowohl auf der Stra\u00dfe als auch im B\u00fcro eingehalten werden, wir unterst\u00fctzen den operativen Bereich bei Zweifeln oder Zwischenf\u00e4llen, wir arbeiten bei der Planung von Gro\u00dfveranstaltungen mit, wir erstellen interne Berichte, um uns weiter zu verbessern, usw.<\/p>\n\n<h2 class=\"wp-block-heading has-medium-font-size\"><strong>Wird in allen Delegationen an der Qualit\u00e4t der Workout-Dienste gearbeitet?<\/strong><\/h2>\n\n<p>Ja, nat\u00fcrlich. Obwohl die Abteilung in unserem Hauptsitz in Madrid zentralisiert ist, \u00fcberwachen wir die Qualit\u00e4t aller Dienstleistungen auf nationaler Ebene. Dank der unternehmenseigenen Tools von Workout und der Hilfe der Delegationsleiter haben wir alles gut aufgezeichnet, gemessen und analysiert.<\/p>\n\n<p>Dank dieser gr\u00fcndlichen Kontrolle k\u00f6nnen wir, obwohl der Umfang der Workout-Events-Dienste in den letzten Jahren zugenommen hat, best\u00e4tigen, dass die Zahl der Zwischenf\u00e4lle in den Diensten deutlich zur\u00fcckgegangen ist.<\/p>\n\n<h2 class=\"wp-block-heading has-medium-font-size\"><strong>Ben\u00f6tigen Sie die Zusammenarbeit mit einer anderen Abteilung innerhalb des Unternehmens?<\/strong><\/h2>\n\n<p>Alle Workout-Abteilungen sind mehr oder weniger stark an der Sicherung der Qualit\u00e4t der erbrachten Dienstleistungen beteiligt:<\/p>\n\n<ul class=\"wp-block-list\">\n<li><strong><a href=\"https:\/\/workout-events.com\/de\/backoffice-schluesselpositionen-im-veranstaltungsbereich-abteilung-sicherheit-und-gesundheitsschutz\/\" data-type=\"post\" data-id=\"6929\">PRL:<\/a><\/strong> Schulung im Bereich der Pr\u00e4vention und Bereitstellung des f\u00fcr die Erbringung der einzelnen Dienstleistungen erforderlichen Materials;<\/li>\n\n\n\n<li><strong>Kommunikation<\/strong>: bei der Ausarbeitung von Protokollen, Handb\u00fcchern, Schulungsvideos usw.<\/li>\n\n\n\n<li><strong>Einkauf:<\/strong> Sicherstellung einer einheitlichen Qualit\u00e4t, Lieferung und Nachschub von Kleidungsst\u00fccken an die Arbeitnehmer;<\/li>\n\n\n\n<li><strong><a href=\"https:\/\/workout-events.com\/de\/backoffice-schluesselpositionen-im-veranstaltungssektor-abteilung-arbeit\/\" data-type=\"post\" data-id=\"7035\">Arbeit:<\/a><\/strong> Bearbeitung von Dokumenten und Akkreditierung von Arbeitnehmern;<\/li>\n\n\n\n<li><strong>Operativ:<\/strong> Schulung der Mitarbeiter und Auswahl der besten Mitarbeiter je nach den Erfordernissen der Veranstaltung;<\/li>\n<\/ul>\n\n<p>Bei Workout haben wir die Gewissheit, dass alle Arbeitnehmer \u00fcber eine ordnungsgem\u00e4\u00dfe und aktuelle Dokumentation verf\u00fcgen: Vertrag, Anmeldung bei der Sozialversicherung, Pr\u00e4ventionskurse f\u00fcr jede T\u00e4tigkeit usw. Dar\u00fcber hinaus sind wir sehr streng und achten sehr genau darauf, dass alle Sicherheitsma\u00dfnahmen eingehalten werden.<\/p>\n\n<h2 class=\"wp-block-heading has-medium-font-size\"><strong>Was sind die h\u00e4ufigsten Vorkommnisse in einem Veranstaltungsunternehmen?<\/strong><\/h2>\n\n<p>Unp\u00fcnktlichkeit und Vers\u00e4umnis eines Arbeitnehmers, zum Dienst zu erscheinen. In jedem Fall arbeiten wir immer mit Bereitschaftspersonal, um solche Probleme schnell l\u00f6sen zu k\u00f6nnen.<\/p>\n\n<h2 class=\"wp-block-heading has-medium-font-size\"><strong>Erz\u00e4hlen Sie uns ein wenig \u00fcber sich selbst&#8230; wie sehen Sie sich in f\u00fcnf Jahren?<\/strong><\/h2>\n\n<p>Ich liebe meine Arbeit und habe das Gl\u00fcck, in einem gro\u00dfen Unternehmen eine Abteilung mit gro\u00dfem Gewicht und Ausstrahlung zu leiten. So kann ich in jedem Gesch\u00e4ftsjahr die Prozesse verbessern und optimieren, so dass wir auch in f\u00fcnf Jahren noch da sind. F\u00fcr mich ist Workout mehr als nur ein Job.<\/p>\n\n<figure class=\"wp-block-image aligncenter size-full\"><img decoding=\"async\" width=\"1024\" height=\"511\" src=\"https:\/\/workout-events.com\/wp-content\/uploads\/2023\/07\/carlos-fernandez-brana-subdirector-calidad-workout-events.png\" alt=\"\" class=\"wp-image-7399\" srcset=\"https:\/\/workout-events.com\/wp-content\/uploads\/2023\/07\/carlos-fernandez-brana-subdirector-calidad-workout-events.png 1024w, https:\/\/workout-events.com\/wp-content\/uploads\/2023\/07\/carlos-fernandez-brana-subdirector-calidad-workout-events-300x150.png 300w, https:\/\/workout-events.com\/wp-content\/uploads\/2023\/07\/carlos-fernandez-brana-subdirector-calidad-workout-events-768x383.png 768w\" sizes=\"(max-width: 1024px) 100vw, 1024px\" \/><\/figure>\n\n<div style=\"height:34px\" aria-hidden=\"true\" class=\"wp-block-spacer\"><\/div>\n\n<h2 class=\"wp-block-heading has-medium-font-size\"><strong>Sie arbeiten schon seit langem an Veranstaltungen. K\u00f6nnen Sie uns eine lustige Geschichte erz\u00e4hlen, die Sie in diesem Bereich erlebt haben?<\/strong><\/h2>\n\n<p>Ich k\u00f6nnte Ihnen viele Anekdoten erz\u00e4hlen, die mit bekannten K\u00fcnstlern zu tun haben: von der Ber\u00fchrung des Balls mit Rod Stewart im Wizink Center vor seinem Konzert (er ist Fu\u00dfballfan) bis hin zur Deckung des Bedarfs in letzter Minute f\u00fcr die Garderobe von S\u00e4ngern wie Raphael, Roc\u00edo Jurado oder Anastasia (Sie k\u00f6nnen sich nicht vorstellen, was die alles verlangen k\u00f6nnen&#8230;). <\/p>\n\n<p>Ich erinnere mich auch gerne daran, dass ich Melendi lange in den R\u00e4umlichkeiten des Prado del Rey suchen musste, als ich an der Sendung M\u00fasica Uno arbeitete, weil ich ihn aus den Augen verloren hatte, oder daran, als David Beckham mit einem Stollen auf mich trat, als wir einen Werbespot f\u00fcr Adidas drehten. <\/p>\n\n<h2 class=\"wp-block-heading has-medium-font-size\"><strong>Welches ist das Wort, das Sie am meisten identifiziert?<\/strong><\/h2>\n\n<p>Beharrlichkeit. Es ist wichtig, dass wir uns \u00fcber unsere Ziele und Verpflichtungen im Klaren sind. Ich glaube, dass Beharrlichkeit, Geradlinigkeit, ein Gesp\u00fcr f\u00fcr die Farben und das Nicht-Aufgeben angesichts von Schwierigkeiten die Werte sind, durch die ein Mensch das Vertrauen, den Respekt und die Zuneigung seiner Mitmenschen gewinnt.<\/p>\n\n<h2 class=\"wp-block-heading has-medium-font-size\"><strong>Veranstaltungen, besser als Arbeitnehmer oder als B\u00fcrger?<\/strong><\/h2>\n\n<p>In meinem Fall, als Arbeitnehmer. Es ist schon komisch, denn da ich die Veranstaltungen immer von innen sehe, f\u00fchle ich mich als Teilnehmerin sehr fremd. Da ich den ganzen Tag an Veranstaltungen arbeite, ist es das Letzte, worauf ich heute Lust habe, meine Freizeit daf\u00fcr zu opfern.<\/p>\n\n<h2 class=\"wp-block-heading has-medium-font-size\"><strong>Was machst du gerne, wenn du nicht bei Workout-Events bist?<\/strong><\/h2>\n\n<p>Mein gr\u00f6\u00dftes Hobby sind zweifelsohne meine Kinder, sie sind der Motor meines Lebens, ich liebe es, sie zu erziehen und genie\u00dfe jede Minute, die ich mit ihnen verbringen kann. <\/p>\n\n<p>Au\u00dferdem bin ich ein Filmfan und fahre Motorrad, seit ich 16 Jahre alt bin. Es ist eine Leidenschaft, die ich sehr genossen habe, aber seit ich Vater geworden bin, ist sie auf die lange Bank geschoben worden.<\/p>\n\n<p><strong>Carlos ist ein stolzer Vater, der t\u00e4glich unter Beweis stellt, dass er sein Privat- und Berufsleben in Einklang bringen kann. Seine Ausdauer, seine Erfahrung und sein Engagement sorgen daf\u00fcr, dass die Veranstaltungen, an denen Workout teilnimmt, immer perfekt ablaufen.<\/strong><\/p>\n","protected":false},"excerpt":{"rendered":"<p>Der in Madrid geborene und aufgewachsene Carlos Fern\u00e1ndez Bra\u00f1a, Leiter der Qualit\u00e4tsabteilung von Workout Events, hat sein ganzes Berufsleben der aufregenden Welt der Veranstaltungen gewidmet; Die Entwicklung des Unternehmens ist eine wahre Geschichte der Beharrlichkeit und des Wachstums in diesem Sektor; Bevor er zum Team von Workout Events stie\u00df, absolvierte Carlos eine Ausbildung als Fernsehproduzent [&hellip;]<\/p>\n","protected":false},"author":20,"featured_media":7404,"comment_status":"closed","ping_status":"closed","sticky":false,"template":"","format":"standard","meta":{"_acf_changed":false,"inline_featured_image":false,"site-sidebar-layout":"default","site-content-layout":"","ast-site-content-layout":"default","site-content-style":"default","site-sidebar-style":"default","ast-global-header-display":"","ast-banner-title-visibility":"","ast-main-header-display":"","ast-hfb-above-header-display":"","ast-hfb-below-header-display":"","ast-hfb-mobile-header-display":"","site-post-title":"","ast-breadcrumbs-content":"","ast-featured-img":"","footer-sml-layout":"","ast-disable-related-posts":"","theme-transparent-header-meta":"","adv-header-id-meta":"","stick-header-meta":"","header-above-stick-meta":"","header-main-stick-meta":"","header-below-stick-meta":"","astra-migrate-meta-layouts":"default","ast-page-background-enabled":"default","ast-page-background-meta":{"desktop":{"background-color":"var(--ast-global-color-4)","background-image":"","background-repeat":"repeat","background-position":"center center","background-size":"auto","background-attachment":"scroll","background-type":"","background-media":"","overlay-type":"","overlay-color":"","overlay-opacity":"","overlay-gradient":""},"tablet":{"background-color":"","background-image":"","background-repeat":"repeat","background-position":"center center","background-size":"auto","background-attachment":"scroll","background-type":"","background-media":"","overlay-type":"","overlay-color":"","overlay-opacity":"","overlay-gradient":""},"mobile":{"background-color":"","background-image":"","background-repeat":"repeat","background-position":"center center","background-size":"auto","background-attachment":"scroll","background-type":"","background-media":"","overlay-type":"","overlay-color":"","overlay-opacity":"","overlay-gradient":""}},"ast-content-background-meta":{"desktop":{"background-color":"var(--ast-global-color-5)","background-image":"","background-repeat":"repeat","background-position":"center center","background-size":"auto","background-attachment":"scroll","background-type":"","background-media":"","overlay-type":"","overlay-color":"","overlay-opacity":"","overlay-gradient":""},"tablet":{"background-color":"var(--ast-global-color-5)","background-image":"","background-repeat":"repeat","background-position":"center center","background-size":"auto","background-attachment":"scroll","background-type":"","background-media":"","overlay-type":"","overlay-color":"","overlay-opacity":"","overlay-gradient":""},"mobile":{"background-color":"var(--ast-global-color-5)","background-image":"","background-repeat":"repeat","background-position":"center center","background-size":"auto","background-attachment":"scroll","background-type":"","background-media":"","overlay-type":"","overlay-color":"","overlay-opacity":"","overlay-gradient":""}},"footnotes":""},"categories":[170],"tags":[133,78,73,178],"class_list":["post-8326","post","type-post","status-publish","format-standard","has-post-thumbnail","hentry","category-triff-unser-personal","tag-interview-de","tag-personal-fur-veranstaltungen","tag-veranstaltungen","tag-workout-events-de-2"],"acf":[],"_links":{"self":[{"href":"https:\/\/workout-events.com\/de\/wp-json\/wp\/v2\/posts\/8326","targetHints":{"allow":["GET"]}}],"collection":[{"href":"https:\/\/workout-events.com\/de\/wp-json\/wp\/v2\/posts"}],"about":[{"href":"https:\/\/workout-events.com\/de\/wp-json\/wp\/v2\/types\/post"}],"author":[{"embeddable":true,"href":"https:\/\/workout-events.com\/de\/wp-json\/wp\/v2\/users\/20"}],"replies":[{"embeddable":true,"href":"https:\/\/workout-events.com\/de\/wp-json\/wp\/v2\/comments?post=8326"}],"version-history":[{"count":0,"href":"https:\/\/workout-events.com\/de\/wp-json\/wp\/v2\/posts\/8326\/revisions"}],"wp:featuredmedia":[{"embeddable":true,"href":"https:\/\/workout-events.com\/de\/wp-json\/wp\/v2\/media\/7404"}],"wp:attachment":[{"href":"https:\/\/workout-events.com\/de\/wp-json\/wp\/v2\/media?parent=8326"}],"wp:term":[{"taxonomy":"category","embeddable":true,"href":"https:\/\/workout-events.com\/de\/wp-json\/wp\/v2\/categories?post=8326"},{"taxonomy":"post_tag","embeddable":true,"href":"https:\/\/workout-events.com\/de\/wp-json\/wp\/v2\/tags?post=8326"}],"curies":[{"name":"wp","href":"https:\/\/api.w.org\/{rel}","templated":true}]}}